{"id":5780,"date":"2025-02-06T17:36:16","date_gmt":"2025-02-06T16:36:16","guid":{"rendered":"https:\/\/toulouse-sgencfdt.fr\/WORDPRESS_ITRF\/?p=5780"},"modified":"2025-02-06T17:36:16","modified_gmt":"2025-02-06T16:36:16","slug":"concours-administratifs-2025","status":"publish","type":"post","link":"https:\/\/toulouse-sgencfdt.fr\/WORDPRESS_ITRF\/2025\/02\/06\/concours-administratifs-2025\/","title":{"rendered":"Concours administratifs 2025"},"content":{"rendered":"<p>Les inscriptions aux concours d\u00e9concentr\u00e9s 2025 seront ouvertes du 11 f\u00e9vrier au 13 mars (12h, heure de Paris). Elles concernent les recrutements :<\/p>\n<p>&#8211; de secr\u00e9taires administratifs de classe normale,<\/p>\n<p>&#8211; de secr\u00e9taires administratifs de classe sup\u00e9rieure,<\/p>\n<p>&#8211; d\u2019adjoints administratifs principaux de 2\u00e8me classe,<\/p>\n<p>&#8211; d\u2019adjoints administratifs sans concours,<\/p>\n<p>&#8211; d\u2019infirmiers,<\/p>\n<p>&#8211; d\u2019assistants de service social.<\/p>\n<p>&nbsp;<\/p>\n<p>Comment s&#8217;inscrire ?<\/p>\n<p>Les inscriptions se feront via la plateforme Cyclades. N&#8217;attendez pas la derni\u00e8re minute pour vous inscrire et pr\u00e9parez soigneusement votre dossier.<\/p>\n<p>&nbsp;<\/p>\n<p>Toutes les infos de cette session ci dessous<\/p>\n<p><a href=\"https:\/\/www.education.gouv.fr\/concours-administratifs-sociaux-et-de-sante-7373?Cookies=true\">https:\/\/www.education.gouv.fr\/concours-administratifs-sociaux-et-de-sante-7373?Cookies=true<\/a><\/p>\n","protected":false},"excerpt":{"rendered":"<p>Les inscriptions aux concours d\u00e9concentr\u00e9s 2025 seront ouvertes du 11 f\u00e9vrier au 13 mars (12h, heure de Paris). Elles concernent les recrutements : &#8211; de secr\u00e9taires administratifs de classe normale, &#8211; de secr\u00e9taires administratifs de classe sup\u00e9rieure, &#8211; d\u2019adjoints administratifs principaux de 2\u00e8me classe, &#8211; d\u2019adjoints administratifs sans concours, &#8211; d\u2019infirmiers, &#8211; d\u2019assistants de service &hellip; <a href=\"https:\/\/toulouse-sgencfdt.fr\/WORDPRESS_ITRF\/2025\/02\/06\/concours-administratifs-2025\/\" class=\"more-link\">Continuer la lecture de <span class=\"screen-reader-text\">Concours administratifs 2025<\/span>  <span class=\"meta-nav\">&rarr;<\/span><\/a><\/p>\n","protected":false},"author":11,"featured_media":0,"comment_status":"closed","ping_status":"open","sticky":false,"template":"","format":"standard","meta":{"footnotes":""},"categories":[1],"tags":[],"class_list":["post-5780","post","type-post","status-publish","format-standard","hentry","category-non-classe"],"_links":{"self":[{"href":"https:\/\/toulouse-sgencfdt.fr\/WORDPRESS_ITRF\/wp-json\/wp\/v2\/posts\/5780","targetHints":{"allow":["GET"]}}],"collection":[{"href":"https:\/\/toulouse-sgencfdt.fr\/WORDPRESS_ITRF\/wp-json\/wp\/v2\/posts"}],"about":[{"href":"https:\/\/toulouse-sgencfdt.fr\/WORDPRESS_ITRF\/wp-json\/wp\/v2\/types\/post"}],"author":[{"embeddable":true,"href":"https:\/\/toulouse-sgencfdt.fr\/WORDPRESS_ITRF\/wp-json\/wp\/v2\/users\/11"}],"replies":[{"embeddable":true,"href":"https:\/\/toulouse-sgencfdt.fr\/WORDPRESS_ITRF\/wp-json\/wp\/v2\/comments?post=5780"}],"version-history":[{"count":1,"href":"https:\/\/toulouse-sgencfdt.fr\/WORDPRESS_ITRF\/wp-json\/wp\/v2\/posts\/5780\/revisions"}],"predecessor-version":[{"id":5781,"href":"https:\/\/toulouse-sgencfdt.fr\/WORDPRESS_ITRF\/wp-json\/wp\/v2\/posts\/5780\/revisions\/5781"}],"wp:attachment":[{"href":"https:\/\/toulouse-sgencfdt.fr\/WORDPRESS_ITRF\/wp-json\/wp\/v2\/media?parent=5780"}],"wp:term":[{"taxonomy":"category","embeddable":true,"href":"https:\/\/toulouse-sgencfdt.fr\/WORDPRESS_ITRF\/wp-json\/wp\/v2\/categories?post=5780"},{"taxonomy":"post_tag","embeddable":true,"href":"https:\/\/toulouse-sgencfdt.fr\/WORDPRESS_ITRF\/wp-json\/wp\/v2\/tags?post=5780"}],"curies":[{"name":"wp","href":"https:\/\/api.w.org\/{rel}","templated":true}]}}